{"id":529,"date":"2022-08-02T11:38:06","date_gmt":"2022-08-02T09:38:06","guid":{"rendered":"https:\/\/pvserviceplus.cz\/?p=529"},"modified":"2022-08-02T11:47:45","modified_gmt":"2022-08-02T09:47:45","slug":"staviate-alebo-vlastnite-rodinny-dom-myslite-ekonomicky","status":"publish","type":"post","link":"https:\/\/pvserviceplus.cz\/sk\/novinky-sk\/staviate-alebo-vlastnite-rodinny-dom-myslite-ekonomicky\/","title":{"rendered":"STAVIATE ALEBO VLASTN\u00cdTE RODINN\u00dd DOM? MYSLITE EKONOMICKY!"},"content":{"rendered":"Ceny elektrickej energie neust\u00e1le rast\u00fa. \u010co s t\u00fdm? <br>M\u00e1me pre v\u00e1s to najlep\u0161ie rie\u0161enie \u2013 in\u0161tal\u00e1ciu vlastnej fotovoltaickej elektr\u00e1rne! <br><br>\r\nNa\u0161a spolo\u010dnos\u0165 v\u00e1m so v\u0161etk\u00fdm rada pom\u00f4\u017ee. Zaist\u00edme v\u00e1m projekt, povolenia, realiz\u00e1ciu aj pripojenie. V\u0161etko na k\u013e\u00fa\u010d! Bez starost\u00ed.\r\nSta\u010d\u00ed si len vybra\u0165 niektor\u00fa z na\u0161ich typizovan\u00fdch fotovoltaick\u00fdch elektr\u00e1rn\u00ed s akumul\u00e1ciou energie do bat\u00e9ri\u00ed alebo do ohrevu vody. \r\nSta\u0148te sa energeticky nez\u00e1visl\u00ed! S vlastnou vyrobenou elektrinou u\u0161etr\u00edte v\u00fddaje za energie vo v\u00fd\u0161ke a\u017e 60 %.<br><br>\r\nOslobo\u010fte svoj dom a zistite, ako chut\u00ed nez\u00e1vislos\u0165! <a href=\"https:\/\/pvserviceplus.cz\/sk\/kontakt\/\">Kontaktujte n\u00e1s<\/a>\r\n \r\n","protected":false},"excerpt":{"rendered":"Ceny elektrickej energie neust\u00e1le rast\u00fa. \u010co s t\u00fdm? M\u00e1me pre v\u00e1s to najlep\u0161ie rie\u0161enie \u2013 in\u0161tal\u00e1ciu vlastnej fotovoltaickej elektr\u00e1rne! Na\u0161a spolo\u010dnos\u0165 v\u00e1m so v\u0161etk\u00fdm rada pom\u00f4\u017ee. Zaist\u00edme v\u00e1m projekt, povolenia, realiz\u00e1ciu aj pripojenie. V\u0161etko na k\u013e\u00fa\u010d! Bez starost\u00ed. Sta\u010d\u00ed si len vybra\u0165 niektor\u00fa z na\u0161ich typizovan\u00fdch fotovoltaick\u00fdch elektr\u00e1rn\u00ed s akumul\u00e1ciou energie do bat\u00e9ri\u00ed alebo do&hellip; <a class=\"more-link\" href=\"https:\/\/pvserviceplus.cz\/sk\/novinky-sk\/staviate-alebo-vlastnite-rodinny-dom-myslite-ekonomicky\/\">Pokra\u010dova\u0165 v \u010d\u00edtan\u00ed <span class=\"screen-reader-text\">STAVIATE ALEBO VLASTN\u00cdTE RODINN\u00dd DOM? MYSLITE EKONOMICKY!<\/span><\/a>","protected":false},"author":1,"featured_media":517,"comment_status":"closed","ping_status":"closed","sticky":false,"template":"","format":"standard","meta":{"inline_featured_image":false,"footnotes":""},"categories":[11],"tags":[],"class_list":["post-529","post","type-post","status-publish","format-standard","has-post-thumbnail","hentry","category-novinky-sk","entry"],"yoast_head":"<!-- This site is optimized with the Yoast SEO plugin v19.12 - https:\/\/yoast.com\/wordpress\/plugins\/seo\/ -->\n<title>STAVIATE ALEBO VLASTN\u00cdTE RODINN\u00dd DOM? MYSLITE EKONOMICKY! | PV SERVICE PLUS<\/title>\n<meta name=\"robots\" content=\"index, follow, max-snippet:-1, max-image-preview:large, max-video-preview:-1\" \/>\n<link rel=\"canonical\" href=\"https:\/\/pvserviceplus.cz\/sk\/novinky-sk\/staviate-alebo-vlastnite-rodinny-dom-myslite-ekonomicky\/\" \/>\n<meta property=\"og:locale\" content=\"sk_SK\" \/>\n<meta property=\"og:type\" content=\"article\" \/>\n<meta property=\"og:title\" content=\"STAVIATE ALEBO VLASTN\u00cdTE RODINN\u00dd DOM? MYSLITE EKONOMICKY! | PV SERVICE PLUS\" \/>\n<meta property=\"og:description\" content=\"Ceny elektrickej energie neust\u00e1le rast\u00fa. \u010co s t\u00fdm? M\u00e1me pre v\u00e1s to najlep\u0161ie rie\u0161enie \u2013 in\u0161tal\u00e1ciu vlastnej fotovoltaickej elektr\u00e1rne! Na\u0161a spolo\u010dnos\u0165 v\u00e1m so v\u0161etk\u00fdm rada pom\u00f4\u017ee. Zaist\u00edme v\u00e1m projekt, povolenia, realiz\u00e1ciu aj pripojenie. V\u0161etko na k\u013e\u00fa\u010d! Bez starost\u00ed. Sta\u010d\u00ed si len vybra\u0165 niektor\u00fa z na\u0161ich typizovan\u00fdch fotovoltaick\u00fdch elektr\u00e1rn\u00ed s akumul\u00e1ciou energie do bat\u00e9ri\u00ed alebo do&hellip; Pokra\u010dova\u0165 v \u010d\u00edtan\u00ed STAVIATE ALEBO VLASTN\u00cdTE RODINN\u00dd DOM? MYSLITE EKONOMICKY!\" \/>\n<meta property=\"og:url\" content=\"https:\/\/pvserviceplus.cz\/sk\/novinky-sk\/staviate-alebo-vlastnite-rodinny-dom-myslite-ekonomicky\/\" \/>\n<meta property=\"og:site_name\" content=\"PV SERVICE PLUS\" \/>\n<meta property=\"article:publisher\" content=\"https:\/\/www.facebook.com\/PVServicePlussro\/\" \/>\n<meta property=\"article:published_time\" content=\"2022-08-02T09:38:06+00:00\" \/>\n<meta property=\"article:modified_time\" content=\"2022-08-02T09:47:45+00:00\" \/>\n<meta property=\"og:image\" content=\"https:\/\/pvserviceplus.cz\/wp-content\/uploads\/2022\/08\/b11.jpg\" \/>\n\t<meta property=\"og:image:width\" content=\"2300\" \/>\n\t<meta property=\"og:image:height\" content=\"1533\" \/>\n\t<meta property=\"og:image:type\" content=\"image\/jpeg\" \/>\n<meta name=\"author\" content=\"Feri\" \/>\n<meta name=\"twitter:card\" content=\"summary_large_image\" \/>\n<meta name=\"twitter:label1\" content=\"Autor\" \/>\n\t<meta name=\"twitter:data1\" content=\"Feri\" \/>\n<script type=\"application\/ld+json\" class=\"yoast-schema-graph\">{\"@context\":\"https:\/\/schema.org\",\"@graph\":[{\"@type\":\"Article\",\"@id\":\"https:\/\/pvserviceplus.cz\/sk\/novinky-sk\/staviate-alebo-vlastnite-rodinny-dom-myslite-ekonomicky\/#article\",\"isPartOf\":{\"@id\":\"https:\/\/pvserviceplus.cz\/sk\/novinky-sk\/staviate-alebo-vlastnite-rodinny-dom-myslite-ekonomicky\/\"},\"author\":{\"name\":\"Feri\",\"@id\":\"https:\/\/pvserviceplus.cz\/#\/schema\/person\/116adbc6d665fdb6cca726634df88323\"},\"headline\":\"STAVIATE ALEBO VLASTN\u00cdTE RODINN\u00dd DOM? MYSLITE EKONOMICKY!\",\"datePublished\":\"2022-08-02T09:38:06+00:00\",\"dateModified\":\"2022-08-02T09:47:45+00:00\",\"mainEntityOfPage\":{\"@id\":\"https:\/\/pvserviceplus.cz\/sk\/novinky-sk\/staviate-alebo-vlastnite-rodinny-dom-myslite-ekonomicky\/\"},\"wordCount\":123,\"publisher\":{\"@id\":\"https:\/\/pvserviceplus.cz\/#organization\"},\"articleSection\":[\"Novinky\"],\"inLanguage\":\"sk-SK\"},{\"@type\":\"WebPage\",\"@id\":\"https:\/\/pvserviceplus.cz\/sk\/novinky-sk\/staviate-alebo-vlastnite-rodinny-dom-myslite-ekonomicky\/\",\"url\":\"https:\/\/pvserviceplus.cz\/sk\/novinky-sk\/staviate-alebo-vlastnite-rodinny-dom-myslite-ekonomicky\/\",\"name\":\"STAVIATE ALEBO VLASTN\u00cdTE RODINN\u00dd DOM? MYSLITE EKONOMICKY! | PV SERVICE PLUS\",\"isPartOf\":{\"@id\":\"https:\/\/pvserviceplus.cz\/#website\"},\"datePublished\":\"2022-08-02T09:38:06+00:00\",\"dateModified\":\"2022-08-02T09:47:45+00:00\",\"breadcrumb\":{\"@id\":\"https:\/\/pvserviceplus.cz\/sk\/novinky-sk\/staviate-alebo-vlastnite-rodinny-dom-myslite-ekonomicky\/#breadcrumb\"},\"inLanguage\":\"sk-SK\",\"potentialAction\":[{\"@type\":\"ReadAction\",\"target\":[\"https:\/\/pvserviceplus.cz\/sk\/novinky-sk\/staviate-alebo-vlastnite-rodinny-dom-myslite-ekonomicky\/\"]}]},{\"@type\":\"BreadcrumbList\",\"@id\":\"https:\/\/pvserviceplus.cz\/sk\/novinky-sk\/staviate-alebo-vlastnite-rodinny-dom-myslite-ekonomicky\/#breadcrumb\",\"itemListElement\":[{\"@type\":\"ListItem\",\"position\":1,\"name\":\"Dom\u016f\",\"item\":\"https:\/\/pvserviceplus.cz\/\"},{\"@type\":\"ListItem\",\"position\":2,\"name\":\"STAVIATE ALEBO VLASTN\u00cdTE RODINN\u00dd DOM? MYSLITE EKONOMICKY!\"}]},{\"@type\":\"WebSite\",\"@id\":\"https:\/\/pvserviceplus.cz\/#website\",\"url\":\"https:\/\/pvserviceplus.cz\/\",\"name\":\"PV SERVICE PLUS\",\"description\":\"Stav\u00edme fotovoltaick\u00e9 elektr\u00e1rny na kl\u00ed\u010d pro dom\u00e1cnosti i pro firmy\",\"publisher\":{\"@id\":\"https:\/\/pvserviceplus.cz\/#organization\"},\"potentialAction\":[{\"@type\":\"SearchAction\",\"target\":{\"@type\":\"EntryPoint\",\"urlTemplate\":\"https:\/\/pvserviceplus.cz\/?s={search_term_string}\"},\"query-input\":\"required name=search_term_string\"}],\"inLanguage\":\"sk-SK\"},{\"@type\":\"Organization\",\"@id\":\"https:\/\/pvserviceplus.cz\/#organization\",\"name\":\"PV SERVICE PLUS\",\"url\":\"https:\/\/pvserviceplus.cz\/\",\"logo\":{\"@type\":\"ImageObject\",\"inLanguage\":\"sk-SK\",\"@id\":\"https:\/\/pvserviceplus.cz\/#\/schema\/logo\/image\/\",\"url\":\"https:\/\/pvserviceplus.cz\/wp-content\/uploads\/2021\/10\/logo.svg\",\"contentUrl\":\"https:\/\/pvserviceplus.cz\/wp-content\/uploads\/2021\/10\/logo.svg\",\"width\":\"1024\",\"height\":\"1024\",\"caption\":\"PV SERVICE PLUS\"},\"image\":{\"@id\":\"https:\/\/pvserviceplus.cz\/#\/schema\/logo\/image\/\"},\"sameAs\":[\"https:\/\/www.facebook.com\/PVServicePlussro\/\"]},{\"@type\":\"Person\",\"@id\":\"https:\/\/pvserviceplus.cz\/#\/schema\/person\/116adbc6d665fdb6cca726634df88323\",\"name\":\"Feri\",\"image\":{\"@type\":\"ImageObject\",\"inLanguage\":\"sk-SK\",\"@id\":\"https:\/\/pvserviceplus.cz\/#\/schema\/person\/image\/\",\"url\":\"https:\/\/secure.gravatar.com\/avatar\/973cfdb8b4464e126d233f08cc301399271731d2cb1ecda3c3269c67638d1781?s=96&d=mm&r=g\",\"contentUrl\":\"https:\/\/secure.gravatar.com\/avatar\/973cfdb8b4464e126d233f08cc301399271731d2cb1ecda3c3269c67638d1781?s=96&d=mm&r=g\",\"caption\":\"Feri\"},\"sameAs\":[\"https:\/\/pvserviceplus.cz\"],\"url\":\"https:\/\/pvserviceplus.cz\/sk\/author\/feri\/\"}]}<\/script>\n<!-- \/ Yoast SEO plugin. -->","yoast_head_json":{"title":"STAVIATE ALEBO VLASTN\u00cdTE RODINN\u00dd DOM? MYSLITE EKONOMICKY! | PV SERVICE PLUS","robots":{"index":"index","follow":"follow","max-snippet":"max-snippet:-1","max-image-preview":"max-image-preview:large","max-video-preview":"max-video-preview:-1"},"canonical":"https:\/\/pvserviceplus.cz\/sk\/novinky-sk\/staviate-alebo-vlastnite-rodinny-dom-myslite-ekonomicky\/","og_locale":"sk_SK","og_type":"article","og_title":"STAVIATE ALEBO VLASTN\u00cdTE RODINN\u00dd DOM? MYSLITE EKONOMICKY! | PV SERVICE PLUS","og_description":"Ceny elektrickej energie neust\u00e1le rast\u00fa. \u010co s t\u00fdm? M\u00e1me pre v\u00e1s to najlep\u0161ie rie\u0161enie \u2013 in\u0161tal\u00e1ciu vlastnej fotovoltaickej elektr\u00e1rne! Na\u0161a spolo\u010dnos\u0165 v\u00e1m so v\u0161etk\u00fdm rada pom\u00f4\u017ee. Zaist\u00edme v\u00e1m projekt, povolenia, realiz\u00e1ciu aj pripojenie. V\u0161etko na k\u013e\u00fa\u010d! Bez starost\u00ed. Sta\u010d\u00ed si len vybra\u0165 niektor\u00fa z na\u0161ich typizovan\u00fdch fotovoltaick\u00fdch elektr\u00e1rn\u00ed s akumul\u00e1ciou energie do bat\u00e9ri\u00ed alebo do&hellip; Pokra\u010dova\u0165 v \u010d\u00edtan\u00ed STAVIATE ALEBO VLASTN\u00cdTE RODINN\u00dd DOM? MYSLITE EKONOMICKY!","og_url":"https:\/\/pvserviceplus.cz\/sk\/novinky-sk\/staviate-alebo-vlastnite-rodinny-dom-myslite-ekonomicky\/","og_site_name":"PV SERVICE PLUS","article_publisher":"https:\/\/www.facebook.com\/PVServicePlussro\/","article_published_time":"2022-08-02T09:38:06+00:00","article_modified_time":"2022-08-02T09:47:45+00:00","og_image":[{"width":2300,"height":1533,"url":"https:\/\/pvserviceplus.cz\/wp-content\/uploads\/2022\/08\/b11.jpg","type":"image\/jpeg"}],"author":"Feri","twitter_card":"summary_large_image","twitter_misc":{"Autor":"Feri"},"schema":{"@context":"https:\/\/schema.org","@graph":[{"@type":"Article","@id":"https:\/\/pvserviceplus.cz\/sk\/novinky-sk\/staviate-alebo-vlastnite-rodinny-dom-myslite-ekonomicky\/#article","isPartOf":{"@id":"https:\/\/pvserviceplus.cz\/sk\/novinky-sk\/staviate-alebo-vlastnite-rodinny-dom-myslite-ekonomicky\/"},"author":{"name":"Feri","@id":"https:\/\/pvserviceplus.cz\/#\/schema\/person\/116adbc6d665fdb6cca726634df88323"},"headline":"STAVIATE ALEBO VLASTN\u00cdTE RODINN\u00dd DOM? MYSLITE EKONOMICKY!","datePublished":"2022-08-02T09:38:06+00:00","dateModified":"2022-08-02T09:47:45+00:00","mainEntityOfPage":{"@id":"https:\/\/pvserviceplus.cz\/sk\/novinky-sk\/staviate-alebo-vlastnite-rodinny-dom-myslite-ekonomicky\/"},"wordCount":123,"publisher":{"@id":"https:\/\/pvserviceplus.cz\/#organization"},"articleSection":["Novinky"],"inLanguage":"sk-SK"},{"@type":"WebPage","@id":"https:\/\/pvserviceplus.cz\/sk\/novinky-sk\/staviate-alebo-vlastnite-rodinny-dom-myslite-ekonomicky\/","url":"https:\/\/pvserviceplus.cz\/sk\/novinky-sk\/staviate-alebo-vlastnite-rodinny-dom-myslite-ekonomicky\/","name":"STAVIATE ALEBO VLASTN\u00cdTE RODINN\u00dd DOM? MYSLITE EKONOMICKY! | PV SERVICE PLUS","isPartOf":{"@id":"https:\/\/pvserviceplus.cz\/#website"},"datePublished":"2022-08-02T09:38:06+00:00","dateModified":"2022-08-02T09:47:45+00:00","breadcrumb":{"@id":"https:\/\/pvserviceplus.cz\/sk\/novinky-sk\/staviate-alebo-vlastnite-rodinny-dom-myslite-ekonomicky\/#breadcrumb"},"inLanguage":"sk-SK","potentialAction":[{"@type":"ReadAction","target":["https:\/\/pvserviceplus.cz\/sk\/novinky-sk\/staviate-alebo-vlastnite-rodinny-dom-myslite-ekonomicky\/"]}]},{"@type":"BreadcrumbList","@id":"https:\/\/pvserviceplus.cz\/sk\/novinky-sk\/staviate-alebo-vlastnite-rodinny-dom-myslite-ekonomicky\/#breadcrumb","itemListElement":[{"@type":"ListItem","position":1,"name":"Dom\u016f","item":"https:\/\/pvserviceplus.cz\/"},{"@type":"ListItem","position":2,"name":"STAVIATE ALEBO VLASTN\u00cdTE RODINN\u00dd DOM? MYSLITE EKONOMICKY!"}]},{"@type":"WebSite","@id":"https:\/\/pvserviceplus.cz\/#website","url":"https:\/\/pvserviceplus.cz\/","name":"PV SERVICE PLUS","description":"Stav\u00edme fotovoltaick\u00e9 elektr\u00e1rny na kl\u00ed\u010d pro dom\u00e1cnosti i pro firmy","publisher":{"@id":"https:\/\/pvserviceplus.cz\/#organization"},"potentialAction":[{"@type":"SearchAction","target":{"@type":"EntryPoint","urlTemplate":"https:\/\/pvserviceplus.cz\/?s={search_term_string}"},"query-input":"required name=search_term_string"}],"inLanguage":"sk-SK"},{"@type":"Organization","@id":"https:\/\/pvserviceplus.cz\/#organization","name":"PV SERVICE PLUS","url":"https:\/\/pvserviceplus.cz\/","logo":{"@type":"ImageObject","inLanguage":"sk-SK","@id":"https:\/\/pvserviceplus.cz\/#\/schema\/logo\/image\/","url":"https:\/\/pvserviceplus.cz\/wp-content\/uploads\/2021\/10\/logo.svg","contentUrl":"https:\/\/pvserviceplus.cz\/wp-content\/uploads\/2021\/10\/logo.svg","width":"1024","height":"1024","caption":"PV SERVICE PLUS"},"image":{"@id":"https:\/\/pvserviceplus.cz\/#\/schema\/logo\/image\/"},"sameAs":["https:\/\/www.facebook.com\/PVServicePlussro\/"]},{"@type":"Person","@id":"https:\/\/pvserviceplus.cz\/#\/schema\/person\/116adbc6d665fdb6cca726634df88323","name":"Feri","image":{"@type":"ImageObject","inLanguage":"sk-SK","@id":"https:\/\/pvserviceplus.cz\/#\/schema\/person\/image\/","url":"https:\/\/secure.gravatar.com\/avatar\/973cfdb8b4464e126d233f08cc301399271731d2cb1ecda3c3269c67638d1781?s=96&d=mm&r=g","contentUrl":"https:\/\/secure.gravatar.com\/avatar\/973cfdb8b4464e126d233f08cc301399271731d2cb1ecda3c3269c67638d1781?s=96&d=mm&r=g","caption":"Feri"},"sameAs":["https:\/\/pvserviceplus.cz"],"url":"https:\/\/pvserviceplus.cz\/sk\/author\/feri\/"}]}},"_links":{"self":[{"href":"https:\/\/pvserviceplus.cz\/sk\/wp-json\/wp\/v2\/posts\/529","targetHints":{"allow":["GET"]}}],"collection":[{"href":"https:\/\/pvserviceplus.cz\/sk\/wp-json\/wp\/v2\/posts"}],"about":[{"href":"https:\/\/pvserviceplus.cz\/sk\/wp-json\/wp\/v2\/types\/post"}],"author":[{"embeddable":true,"href":"https:\/\/pvserviceplus.cz\/sk\/wp-json\/wp\/v2\/users\/1"}],"replies":[{"embeddable":true,"href":"https:\/\/pvserviceplus.cz\/sk\/wp-json\/wp\/v2\/comments?post=529"}],"version-history":[{"count":1,"href":"https:\/\/pvserviceplus.cz\/sk\/wp-json\/wp\/v2\/posts\/529\/revisions"}],"predecessor-version":[{"id":530,"href":"https:\/\/pvserviceplus.cz\/sk\/wp-json\/wp\/v2\/posts\/529\/revisions\/530"}],"wp:featuredmedia":[{"embeddable":true,"href":"https:\/\/pvserviceplus.cz\/sk\/wp-json\/wp\/v2\/media\/517"}],"wp:attachment":[{"href":"https:\/\/pvserviceplus.cz\/sk\/wp-json\/wp\/v2\/media?parent=529"}],"wp:term":[{"taxonomy":"category","embeddable":true,"href":"https:\/\/pvserviceplus.cz\/sk\/wp-json\/wp\/v2\/categories?post=529"},{"taxonomy":"post_tag","embeddable":true,"href":"https:\/\/pvserviceplus.cz\/sk\/wp-json\/wp\/v2\/tags?post=529"}],"curies":[{"name":"wp","href":"https:\/\/api.w.org\/{rel}","templated":true}]}}